{"id":3291,"date":"2013-04-06T10:27:00","date_gmt":"2013-04-06T08:27:00","guid":{"rendered":"http:\/\/dev.vincenzosica.it\/?p=3291"},"modified":"2021-06-04T10:28:32","modified_gmt":"2021-06-04T08:28:32","slug":"citta-di-torre-annunziata-la-risposta-al-sindaco-starita","status":"publish","type":"post","link":"https:\/\/www.vincenzosica.it\/?p=3291","title":{"rendered":"Citt\u00e0 di Torre Annunziata. La risposta al Sindaco Starita."},"content":{"rendered":"\n<p>Torre Annunziata, l\u00ec 5 aprile 2013&nbsp;&nbsp;&nbsp;&nbsp;&nbsp;<em>Chiar.mo Signor Sindaco Citt\u00e0 di Torre Annunziata,<\/em>ho affidato agli Amici di Centro Comune, le doverose risposte alla Sua comunicazione del 19 marzo u.s.&nbsp;&nbsp;&nbsp;&nbsp;&nbsp;Ritengo, per\u00f2, altrettanto doveroso da parte mia, esprimerle qualche considerazione, in ordine a quanto da lei riportato.&nbsp;&nbsp;&nbsp;&nbsp;&nbsp;Prendo atto che, con la consueta abilit\u00e0 tendente a deformare la verit\u00e0, cerca di sminuire il ruolo politico dell\u2019Associazione, personalizzando la dialettica ed il confronto delle idee.&nbsp;&nbsp;&nbsp; &nbsp;Lei tenta di mortificare la presenza, nel panorama politico locale, di un\u2019 associazione civica che ha raccolto, tra l\u2019altro, un discreto consenso elettorale e che, unitamente ad altri partiti e movimenti civici, ha riconosciuto, con grande determinazione, una figura di&nbsp;<em>\u201cleader\u201d,<\/em>&nbsp;al quale, bont\u00e0 loro, avrebbero affidato le sorti di questa martoriata Citt\u00e0.Tale riconoscimento pu\u00f2 non condividersi ma va rispettato, cos\u00ec come abbiamo rispettato la scellerata scelta operata da altri partiti, della Sua ricandidatura a Sindaco, atteso che abbiamo considerato la Sua azione amministrativa, assolutamente fallimentare. Ed in questo senso il risultato elettorale, in considerazione del divario tra Lei e la Sua coalizione, \u00e8 assolutamente chiaro.&nbsp;&nbsp;&nbsp;&nbsp;&nbsp;Dispiace rilevare che, tendenzialmente, Lei strumentalizza anche la posizione dell\u2019Assessore Auricchio, con comode argomentazioni.&nbsp;&nbsp;&nbsp;&nbsp;&nbsp;L\u2019assessore Auricchio ha ricoperto la carica, senza soluzione di continuit\u00e0, fin dalla data del&nbsp;&nbsp;Suo insediamento e, all\u2019occorrenza, rilascia legittimamente interviste e dichiarazioni agli organi di stampa. Pertanto egli deve essere disponibile alla critica ed al confronto. Molto semplice!&nbsp;&nbsp;&nbsp;&nbsp;&nbsp;Nessuno disconosce, come era chiaro nel documento di Centro Comune, le competenze maturate, le attivit\u00e0 che l\u2019assessore ha svolto in precedenza e l\u2019esperienza che egli mette a disposizione.&nbsp;&nbsp;&nbsp;&nbsp;&nbsp;Semmai il problema \u00e8 suo per aver chiesto, nel corso di questi anni, all\u2019assessore Auricchio di divenire, di fatto, complice della incapacit\u00e0 amministrativa, dimostrata da Lei e dalla Amministrazione che rappresenta.&nbsp;&nbsp;&nbsp;&nbsp;&nbsp;Quindi, per cortesia, eviti queste mielose difese!&nbsp;&nbsp;&nbsp;&nbsp;&nbsp;Nel merito si rileva che lei ha memoria corta o meglio \u00e8 costretto ad avere memoria corta.&nbsp;&nbsp;&nbsp;&nbsp;&nbsp;E poich\u00e9 noi riteniamo, sommessamente, che gli effetti disastrosi che oggi stiamo vivendo in questa Citt\u00e0, sono anche il risultato delle cause prodotte da Lei e dalla Sua amministrazione, abbiamo il dovere di non perderle mai di vista, pur constatando il Suo spasmodico impegno a tentare di cancellarle.&nbsp;&nbsp;&nbsp;&nbsp;&nbsp;&nbsp;&nbsp;Mi limito a constatare la realt\u00e0 che viviamo, i fatti e non le opinioni, esercito il confronto dialettico costruttivo e non sterile. Tutto ci\u00f2 \u00e8 stato dimostrato in questi anni dall\u2019Associazione ed \u00e8 stato manifestato in seno al Consiglio Comunale, con una serie di proposte ed iniziative.&nbsp;&nbsp;&nbsp;&nbsp;&nbsp;&nbsp;&nbsp;Comprendo che Lei non \u00e8 e non era abituato a tutto questo. Lei era ed \u00e8 abituato a governare uomini e processi, con tutte le tecniche improduttive e sterili che \u00e8 capace di porre in essere, malcelate da eventi politici, al solo fine di continuare a vivere una situazione di immobilismo e di galleggiamento, che sicuramente non giova alla Citt\u00e0 ed al suo futuro.&nbsp;<em>\u201cDivide et impera!\u201d<\/em>&nbsp;&nbsp;&nbsp;&nbsp;&nbsp;&nbsp;&nbsp;Cambi continui di casacca, ribaltoni,&nbsp;<em>turn over<\/em>&nbsp;di assessori, tentativi spasmodici di conquistare uomini della opposizione. Cos\u00ec Lei ha trascorso i suoi primi sei anni, ed, allo stato, non ci sembra di registrare cambiamenti di rotta.&nbsp;&nbsp;&nbsp;&nbsp;&nbsp;&nbsp;&nbsp;&nbsp;Sul tema della criminalit\u00e0 organizzata, per il quale ritiene di essere depositario di tutte le verit\u00e0, la invito ad un pubblico confronto, anche in occasione di un Consiglio Comunale monotematico.&nbsp;&nbsp;&nbsp;&nbsp;&nbsp;&nbsp;&nbsp;&nbsp;Poich\u00e9 lei mi taccia, sostanzialmente, per un incapace ad affrontare questa tema, esprimendo in tal senso tutta la sua vanit\u00e0 ed il suo egocentrismo, mi limito ad affidarmi ad alcune delle tante dichiarazioni che uomini, che hanno fatto della lotta alla criminalit\u00e0 organizzata il loro dovere quotidiano, hanno sostenuto:<em>\u201c\u2026\u2026\u2026La criminalit\u00e0 non ha pi\u00f9 bisogno di minacciare, oggi offre servizi apprezzati e competitivi. Dove la legge non funziona, dove le banche non danno credito, dove gli enti locali sono inefficienti, i boss garantiscono soluzioni concrete: sentenze inappellabili, prestiti a tassi risotti, pratiche approvate in tempi rapidi\u2026.. I Gattopardi di Raffaele Cantone\u201d<\/em><\/p>\n\n\n\n<p><em>\u201c\u2026\u2026\u2026La strada giudiziaria non pu\u00f2 essere l\u2019unico rimedio alla criminalit\u00e0 organizzata, certo \u00e8 necessario che ci siano processi, condanne e manette. Elementi indispensabili ma da soli non sufficienti. Dott.Rosario Cantelmo Metropolis del 29.6.2010\u201d\u201d<\/em><\/p>\n\n\n\n<p>E potrei citare tanti altri.<\/p>\n\n\n\n<p>&nbsp;&nbsp;&nbsp;&nbsp;&nbsp;&nbsp;&nbsp;Anche il suo collaboratore Assessore Auricchio recentemente ha dichiarato&nbsp;&nbsp;che \u201c\u2026\u2026..<em>per combattere la criminalit\u00e0 organizzata occorre, oltre alla repressione ed alla prevenzione il lavoro\u2026\u2026\u2026\u201d<\/em><\/p>\n\n\n\n<p>&nbsp;&nbsp;&nbsp;&nbsp;&nbsp;&nbsp;&nbsp;&nbsp;Lo ha dichiarato anche lei nell\u2019ultima conferenza tenutasi con la Commissione Regionale Anticamorra.<\/p>\n\n\n\n<p>Bene! Qui comincia il democratico confronto politico!<\/p>\n\n\n\n<p>&nbsp;&nbsp;&nbsp;&nbsp;&nbsp;&nbsp;&nbsp;&nbsp;Se \u00e8 vero, come \u00e8 vero, che Magistratura e Forze dell\u2019Ordine svolgono correttamente il loro compito, in situazioni di grande difficolt\u00e0 operativa e logistica; se \u00e8 vero, come in parte \u00e8 vero, che la Sua Amministrazione ha lavorato per la prevenzione e se mi consente, aggiungerei il mondo dell\u2019associazionismo, le parrocchie, le parti sociali; che cosa \u00e8 mancato a questo ingranaggio per renderlo virtuoso?<\/p>\n\n\n\n<p>&nbsp;&nbsp;&nbsp;&nbsp;&nbsp;&nbsp;&nbsp;&nbsp;E\u2019 mancata la forza politica ed amministrativa per creare occasioni di sviluppo e di crescita, oltre che occupazionali. E\u2019 mancata la forza di attrarre investimenti privati sul territorio. E\u2019 mancata la forza e la capacit\u00e0 di creare strumenti di partenariato pubblico-privato. E\u2019 mancata la forza di completare procedimenti gi\u00e0 avviati. E\u2019 mancata la forza di garantire interventi infrastrutturali. E\u2019 mancata la forza di essere rappresentativi nei livelli sovracomunali. E\u2019 mancata la capacit\u00e0 e la volont\u00e0 di costruire un\u2019organizzazione dell\u2019Ente Locale che fosse veramente in condizione di supportare tutto ci\u00f2, sia pure tra le mille contingenti difficolt\u00e0 ed emergenze.<\/p>\n\n\n\n<p>Ed a chi spettava il compito, per volont\u00e0 popolare, di realizzare tutto ci\u00f2?<\/p>\n\n\n\n<p>&nbsp;&nbsp;&nbsp;&nbsp;&nbsp;&nbsp;&nbsp;Mi consenta, sommessamente, di tentare una risposta, pur essendomi limitato a studi elementari. Le chiedo preventivamente scusa se mi permetto.<\/p>\n\n\n\n<p>&nbsp;&nbsp;&nbsp;&nbsp;&nbsp;&nbsp;&nbsp;&nbsp;Spettava alla Amministrazione della quale lei \u00e8 il Capo da 6 lunghi anni. Spettava al l\u2019inossidabile nucleo storico che ha costituito l\u2019ossatura della sua Amministrazione.<\/p>\n\n\n\n<p>&nbsp;&nbsp;&nbsp;&nbsp;&nbsp;&nbsp;&nbsp;&nbsp;&nbsp;Questa \u00e8 l\u2019amara ed inconfutabile verit\u00e0!<\/p>\n\n\n\n<p>&nbsp;&nbsp;&nbsp;&nbsp;&nbsp;&nbsp;&nbsp;&nbsp;&nbsp;Spetta a lei farci comprendere perch\u00e9 tutto ci\u00f2 non \u00e8 avvenuto! Quali sono i veri motivi. Dove si nasconde la verit\u00e0. Spetta solo a lei, cercando di evitare quelle giustificazioni che&nbsp;&nbsp;adduce costantemente, che offendono l\u2019intelligenza di chi ascolta e che servono solo a mascherare le verit\u00e0.<\/p>\n\n\n\n<p>&nbsp;&nbsp;&nbsp;&nbsp;&nbsp;&nbsp;&nbsp;&nbsp;&nbsp;Si \u00e8 mai chiesto perch\u00e9 tutto ci\u00f2 non avviene e non \u00e8 avvenuto in Citt\u00e0 limitrofe?<\/p>\n\n\n\n<p>&nbsp;&nbsp;&nbsp;&nbsp;&nbsp;&nbsp;&nbsp;&nbsp;&nbsp;Si \u00e8 mai chiesto quanti problemi ha risolto per i lavoratori espulsi dai cicli produttivi, da quando si \u00e8 insediato?<\/p>\n\n\n\n<p>&nbsp;&nbsp;&nbsp;&nbsp;&nbsp;&nbsp;&nbsp;&nbsp;&nbsp;Si \u00e8 mai chiesto quante occasioni sono state sfruttate, per garantire a questi lavoratori un futuro diverso?<\/p>\n\n\n\n<p>&nbsp;&nbsp;&nbsp;&nbsp;&nbsp;&nbsp; &nbsp;&nbsp;Si \u00e8 mai chiesto quali incrementi occupazionali si sono registrati nel nostro territorio?<\/p>\n\n\n\n<p>&nbsp;&nbsp;&nbsp;&nbsp;&nbsp;&nbsp;&nbsp;&nbsp;&nbsp;Si \u00e8 mai chiesto quante concrete risposte sono state offerte ai giovani per evitarne la fuga e quanti interventi strutturali sono stati realizzati?<\/p>\n\n\n\n<p>&nbsp;&nbsp;&nbsp;&nbsp;&nbsp;&nbsp;&nbsp;&nbsp;&nbsp;Si \u00e8 mai chiesto perch\u00e8 la OPLONTI MULTISERVIZI era stata posta in una condizione pre-fallimentare, sotto lo sguardo indifferente suo e dei rappresentanti della sua amministrazione, ed ancora oggi non si riesce ad individuare una soluzione futura?<\/p>\n\n\n\n<p>&nbsp;&nbsp;&nbsp;&nbsp;&nbsp;&nbsp;&nbsp;&nbsp;&nbsp;Si \u00e8 mai chiesto come mai tutti i lavoratori legati alla ex-officine torresi, ancora oggi&nbsp;&nbsp;non riescono a trovare una ricollocazione?<\/p>\n\n\n\n<p>&nbsp;&nbsp;&nbsp;&nbsp;&nbsp;&nbsp;&nbsp;&nbsp;&nbsp;Si \u00e8 mai chiesto perch\u00e9 i lavoratori della ex-Metecno non riescono a trovare soluzione alla loro situazione di precariato, nonostante si sia insediata da anni un\u2019azienda in quella medesima area?<\/p>\n\n\n\n<p>&nbsp;&nbsp;&nbsp;&nbsp;&nbsp;&nbsp;&nbsp;&nbsp;&nbsp;Si \u00e8 mai chiesto quanti imprenditori sono stati attratti dalla Sua amministrazione in questo territorio nel corso di questi anni?<\/p>\n\n\n\n<p>Qui la risposta gliela accenno!<\/p>\n\n\n\n<p>&nbsp;&nbsp;&nbsp;&nbsp;&nbsp;&nbsp;&nbsp;&nbsp;&nbsp;Un solo imprenditore! La societ\u00e0 di riferimento si chiama \u201cBENNU YACHT srl\u201d, ed era affidata alle cure professionali&nbsp;<em>dell\u2019Avv. Massimo Lafranco,<\/em>&nbsp;uomo politico a Lei molto vicino.<\/p>\n\n\n\n<p>Per questa societ\u00e0 lei ha aderito alla stipula di un comodato d\u2019uso gratuito, consentendo che un sito industriale di propriet\u00e0 pubblica, del valore di circa 10milioni di euro, fosse reso disponibile a tale titolo, sia pure con un contratto formalmente stipulato da TESS.<\/p>\n\n\n\n<p>Non oso pensare cosa sarebbe accaduto se Lei non fosse stato consenziente! Sarebbe scattata, immediatamente, la comunicazione cautelativa agli organi competenti. Su questo Lei non conosce rivali!<\/p>\n\n\n\n<p>Pensi che per liberare quel sito industriale dal noto imprenditore, agevolato dalle Istituzioni, senza nessuna garanzia di continuit\u00e0 e di iniziativa reale di carattere imprenditoriale anche a favore dei lavoratori, c\u2019\u00e8 voluta tutta la abilit\u00e0 professionale della sua Collega di studio&nbsp;<em>Avv. Monica Cirillo.<\/em><\/p>\n\n\n\n<p>&nbsp;&nbsp;&nbsp;&nbsp;&nbsp;&nbsp;&nbsp;&nbsp;&nbsp;Risultato? Il sito ex-Metalfer \u00e8 ancora abbandonato e gli ex-lavoratori ancora costretti a sperare nelle varie forme di mero assistenzialismo.<\/p>\n\n\n\n<p>&nbsp;&nbsp;&nbsp;&nbsp;&nbsp;&nbsp;&nbsp;&nbsp;&nbsp;Tutto ci\u00f2, quindi, non \u00e8 avvenuto e le conseguenze di una feroce recessione, sono sotto gli occhi di tutti.<\/p>\n\n\n\n<p>&nbsp;&nbsp;&nbsp;&nbsp;&nbsp;&nbsp;&nbsp;&nbsp;&nbsp;Impoverimento complessivo del tessuto cittadino, degrado morale, sociale e civile, insoddisfazioni, depressioni, speranze vanificate, obiettivi annunciati e mai realizzati, difficolt\u00e0 finanziarie, crisi di liquidit\u00e0 ed insolvenze, futuro incerto per i giovani.<\/p>\n\n\n\n<p>&nbsp;&nbsp;&nbsp;&nbsp;&nbsp;&nbsp;&nbsp;&nbsp;&nbsp;Ed \u00e8 questa, egregio Signor Sindaco, la condizione ideale nella quale la criminalit\u00e0 organizzata pu\u00f2 facilmente estendere i propri tentacoli. Sui bisogni primari della gente. Sull\u2019impoverimento, sulla disperazione.&nbsp;&nbsp;Non c\u2019\u00e8 bisogno di argomentare! Questo glielo hanno insegnato? Questo lo ha compreso o continua a nascondersi dietro la sua capacit\u00e0 illusionistica e mistificatoria?<\/p>\n\n\n\n<p>&nbsp;&nbsp;&nbsp;&nbsp;&nbsp;&nbsp;&nbsp;&nbsp;&nbsp;Mi consenta di dirle che quella che lei perpetra \u00e8 solo arroganza politica, tracotanza, prevaricazione, ma sostanzialmente tutto ci\u00f2, nasconde un grande vuoto. Assenza assoluta di contenuti, inaffidabilit\u00e0 organizzativa e di&nbsp;<em>\u201cleaderschip\u201d,<\/em>&nbsp;&nbsp;incapacit\u00e0 a svolgere un ruolo di pianificazione e di programmazione.<\/p>\n\n\n\n<p>Lei forse non se ne sar\u00e0 reso conto fino in fondo, ma ha avuto comportamenti&nbsp;&nbsp;politicamente scellerati, distruttivi. Perch\u00e9 tutto questo?<\/p>\n\n\n\n<p>Le risposte le deve dare lei e possibilmente senza arrampicarsi continuamente sugli specchi. Oramai non serve pi\u00f9 a nessuno.<\/p>\n\n\n\n<p>&nbsp;&nbsp;&nbsp;&nbsp;&nbsp;&nbsp;&nbsp;&nbsp;&nbsp;Ma indipendentemente dalle ipocrisie e dalle gratuite calunnie della Sua lettera, la cosa che pi\u00f9 mi ha colpito \u00e8 che lei, raggiungendo livelli massimi di insolenza, non si \u00e8 mai accorto dell\u2019et\u00e0 d\u2019oro, come solo Lei la definisce e che non avrebbe rinvenuto il tesoro in eredit\u00e0.<\/p>\n\n\n\n<p>Bene! Qui obiettivamente, Lei raggiunge l\u2019apice della falsit\u00e0.<\/p>\n\n\n\n<p>&nbsp;&nbsp;&nbsp;&nbsp;&nbsp;&nbsp;&nbsp;&nbsp;Ed allora poich\u00e9 Lei ha memoria corta o per meglio dire finge di averla, Le ricordo che Lei e non io \u00e8 stato uno dei protagonisti di quegli anni che poi ha ereditato come Sindaco. Chi \u00e8 stato l\u2019uomo pi\u00f9 vicino professionalmente e politicamente al Sindaco Cucolo? Lei! Chi \u00e8 stato tra gli uomini pi\u00f9 vicini al partito di maggioranza dell\u2019epoca, che quelle pregevoli scelte ha determinato? Lei! Chi \u00e8 stato l\u2019uomo pi\u00f9 vicino all\u2019On. Gianfranco Nappi, per anni ottimo punto di riferimento di questo territorio? Lei! Chi \u00e8 stato il presidente della Oplonti Multiservizi per 5 anni? Lei! Chi \u00e8 stato assessore nella Giunta Monaco? Lei!<\/p>\n\n\n\n<p>E poi che cosa \u00e8 accaduto? E\u2019 diventato Sindaco ed ha dimenticato tutto o \u00e8 stato costretto a dimenticare tutto. Decida Lei, il risultato non cambia! Quando dir\u00e0 la verit\u00e0 di quello che \u00e8 accaduto in quegli anni? Quando dir\u00e0 le vere motivazioni e non le invenzioni costruite al momento, con il solito atteggiamento populistico, propagandistico e deviante. Quando smetter\u00e0 di cogliere la potenziale opportunit\u00e0 di turno, facendola divenire la panacea di tutti i mali, cercando di rendere nebuloso il passato, in attesa di altri eventi?<\/p>\n\n\n\n<p>&nbsp;&nbsp;&nbsp;&nbsp;&nbsp;&nbsp;&nbsp;E mi chiedo! Come mai quegli anni sono state da lei condivisi e poi improvvisamente ha cambiato rotta a 360 gradi.<\/p>\n\n\n\n<p>Ed allora a costo di divenire noioso, Le indico, per l\u2019ennesima volta, il \u201ctesoretto\u201d che Lei ha ereditato e che ha vilmente dilapidato e che avrebbe potuto cambiare il volto di questa Citt\u00e0, creando occasioni di crescita, sviluppo e occupazione:<\/p>\n\n\n\n<p>&#8211;&nbsp;&nbsp;&nbsp;&nbsp;&nbsp;&nbsp;<em>Riqualificazione quartiere Via Vincenzo Rocco.<\/em><\/p>\n\n\n\n<p>&#8211;&nbsp;&nbsp;&nbsp;&nbsp;&nbsp;&nbsp;<em>Prolungamento Via dei Mille.<\/em><\/p>\n\n\n\n<p>&#8211;&nbsp;&nbsp;&nbsp;&nbsp;&nbsp;&nbsp;<em>Ampliamento villa comunale.<\/em><\/p>\n\n\n\n<p>&#8211;&nbsp;&nbsp;&nbsp;&nbsp;&nbsp;&nbsp;<em>Riqualificazione ex-lido S.Lucia con finanza privata.<\/em><\/p>\n\n\n\n<p>&#8211;&nbsp;&nbsp;&nbsp;&nbsp;&nbsp;&nbsp;<em>Riqualificazione area portuale del molo di ponente.<\/em><\/p>\n\n\n\n<p>&#8211;&nbsp;&nbsp;&nbsp;&nbsp;&nbsp;&nbsp;<em>Adesione all\u2019Autorit\u00e0 Portuale di Napoli.<\/em><\/p>\n\n\n\n<p>&#8211;&nbsp;&nbsp;&nbsp;&nbsp;&nbsp;&nbsp;<em>Riqualificazione darsena pescatori.<\/em><\/p>\n\n\n\n<p>&#8211;&nbsp;&nbsp;&nbsp;&nbsp;&nbsp;&nbsp;<em>Proposta Piano attuativo portuale.<\/em><\/p>\n\n\n\n<p>&#8211;&nbsp;&nbsp;&nbsp;&nbsp;&nbsp;&nbsp;<em>Utilizzo box Via Tagliamonte<\/em><\/p>\n\n\n\n<p>&#8211;&nbsp;&nbsp;&nbsp;&nbsp;&nbsp;&nbsp;<em>Realizzazione bretella di collegamento porto-autostrada (1\u00b0lotto)<\/em><\/p>\n\n\n\n<p>&#8211;&nbsp;&nbsp;&nbsp;&nbsp;&nbsp;&nbsp;<em>Realizzazione vasca di alaggio.<\/em><\/p>\n\n\n\n<p>&#8211;&nbsp;&nbsp;&nbsp;&nbsp;&nbsp;&nbsp;<em>Costituzione societ\u00e0 di trasformazione urbana per la riqualificazione della fascia di costa.<\/em><\/p>\n\n\n\n<p>&#8211;&nbsp;&nbsp;&nbsp;&nbsp;&nbsp;&nbsp;<em>Costituzione societ\u00e0 di trasformazione urbana per l\u2019area \u201cSpolettificio\u201d.<\/em><\/p>\n\n\n\n<p>&#8211;&nbsp;&nbsp;&nbsp;&nbsp;&nbsp;&nbsp;<em>Redazione del PUA per la riqualificazione della fascia di costa, con oneri a carico di privati.<\/em><\/p>\n\n\n\n<p>&#8211;&nbsp;&nbsp;&nbsp;&nbsp;&nbsp;&nbsp;<em>Utilizzo dei capannoni di propriet\u00e0 comunale ex-deriver.<\/em><\/p>\n\n\n\n<p>&#8211;&nbsp;&nbsp;&nbsp;&nbsp;&nbsp;&nbsp;<em>Realizzazione sistema museale.<\/em><\/p>\n\n\n\n<p>&#8211;&nbsp;&nbsp;&nbsp;&nbsp;&nbsp;&nbsp;<em>Bonifica area salera.<\/em><\/p>\n\n\n\n<p>&#8211;&nbsp;&nbsp;&nbsp;&nbsp;&nbsp;&nbsp;<em>Ristrutturazione ex-scuola Morrone ed ex-scuola Piazza Monsignore Orlando.<\/em><\/p>\n\n\n\n<p>&#8211;&nbsp;&nbsp;&nbsp;&nbsp;&nbsp;&nbsp;<em>Mercato ittico comunale,&nbsp;<\/em>ed altro.<\/p>\n\n\n\n<p>Dieci anni di intensa attivit\u00e0 politica ed amministrativa che aspettava solo di essere concretizzata, curando le fasi esecutive o completando procedimenti amministrativi in fase avanzata.<\/p>\n\n\n\n<p>Ha mai provato ad immaginare quante di queste attivit\u00e0 si sarebbero potute portare a termine, dopo un lavoro svolto di programmazione ed in parte di ottenimento di risorse, se solo avesse dato naturale e normale continuit\u00e0 all\u2019azione amministrativa?<\/p>\n\n\n\n<p>Ha mai immaginato quante occasioni occupazionali si sarebbero potute creare?<\/p>\n\n\n\n<p>Le \u00e8 mai sorto il dubbio che quanto accadeva, sarebbe stato enormemente pregiudizievole per il futuro della Citt\u00e0, che era stato chiamato ad amministrare?<\/p>\n\n\n\n<p>Il dubbio \u00e8 importante! Le grandi guide dei popoli hanno sempre lasciato spazio al dubbio!<\/p>\n\n\n\n<p>Il cattivo&nbsp;<em>\u201cleader\u201d<\/em>&nbsp;\u00e8 quello troppo sicuro di s\u00e9. E\u2019&nbsp;quello pertinace!<\/p>\n\n\n\n<p>&nbsp;&nbsp;&nbsp;&nbsp;&nbsp;Pertanto sono io che ho il diritto di dirle che la campagna elettorale \u00e8 finita da tempo.<\/p>\n\n\n\n<p>&nbsp;&nbsp;&nbsp;&nbsp;&nbsp;Ha raggiunto ed avete raggiunto il vostro scopo. Non c\u2019\u00e8 pi\u00f9 bisogno di fingere, di mistificare la realt\u00e0, di fare puro esercizio illusionistico. Questa Citt\u00e0 sta morendo e lei, a mio avviso, n\u00e9 \u00e8 il maggiore colpevole.<\/p>\n\n\n\n<p>&nbsp;&nbsp;&nbsp;&nbsp;&nbsp;&nbsp;Quindi \u00e8 lei&nbsp;&nbsp;che deve chiedere scusa all\u2019Assessore Auricchio per averlo coinvolto in questa nefasta gestione amministrativa, ove egli non sia stato cosciente complice politico.<\/p>\n\n\n\n<p>E\u2019 lei che deve chiedere scusa all\u2019intera Citt\u00e0!<\/p>\n\n\n\n<p>&nbsp;&nbsp;&nbsp;&nbsp;&nbsp;&nbsp;&nbsp;Sulle domande che lei, invece, specificamente mi pone, mi astengo da qualsiasi commento, anche perch\u00e8, oramai, sono divenute talmente rituali e stantie, che rappresentano il segno evidente della mancanza assoluta di contenuti. Affido la risposta a quanto sar\u00e0 riportato nella querela-denunzia che sar\u00f2 costretto a riproporre alla Autorit\u00e0 competente.<\/p>\n\n\n\n<p>&nbsp;&nbsp;&nbsp;&nbsp;&nbsp;Pertanto Signor Sindaco, rifletta e con consigliabile umilt\u00e0, riconosca che nel mosaico complessivo della strategia della lotta alla criminalit\u00e0 organizzata, \u00e8 mancata la tessera inerente all\u2019efficacia ed all\u2019efficienza del Suo ruolo e dell\u2019Amministrazione locale che rappresenta, nonch\u00e9 di quelle sovracomunali, non adeguatamente compulsate.<\/p>\n\n\n\n<p>&nbsp;&nbsp;&nbsp;&nbsp;&nbsp;&nbsp;E se la riflessione dovesse giungere all\u2019unico possibile risultato, assuma, dignitosamente, le consequenziali decisioni.<\/p>\n\n\n\n<p>&nbsp;&nbsp;&nbsp;&nbsp;&nbsp;&nbsp;Cordialmente.<\/p>\n\n\n\n<p>&nbsp;&nbsp;&nbsp;&nbsp;&nbsp;&nbsp;Vincenzo Sica<\/p>\n","protected":false},"excerpt":{"rendered":"<p>Torre Annunziata, l\u00ec 5 aprile 2013&nbsp;&nbsp;&nbsp;&nbsp;&nbsp;Chiar.mo Signor Sindaco Citt\u00e0 di Torre Annunziata,ho affidato agli Amici di Centro Comune, le doverose risposte alla Sua comunicazione del 19 marzo u.s.&nbsp;&nbsp;&nbsp;&nbsp;&nbsp;Ritengo, per\u00f2, altrettanto doveroso da parte mia, esprimerle qualche considerazione, in ordine a quanto da lei riportato.&nbsp;&nbsp;&nbsp;&nbsp;&nbsp;Prendo atto che, con la consueta abilit\u00e0 tendente a deformare la verit\u00e0, [&hellip;]<\/p>\n","protected":false},"author":3,"featured_media":0,"comment_status":"open","ping_status":"open","sticky":false,"template":"","format":"standard","meta":{"_et_pb_use_builder":"off","_et_pb_old_content":"","_et_gb_content_width":"","footnotes":""},"categories":[16,19,18,17],"tags":[65,54,67],"class_list":["post-3291","post","type-post","status-publish","format-standard","hentry","category-attualita","category-centro-comune-documento-politico","category-informazione","category-politica","tag-citta-di-torre-annunziata","tag-sica","tag-starita"],"_links":{"self":[{"href":"https:\/\/www.vincenzosica.it\/index.php?rest_route=\/wp\/v2\/posts\/3291","targetHints":{"allow":["GET"]}}],"collection":[{"href":"https:\/\/www.vincenzosica.it\/index.php?rest_route=\/wp\/v2\/posts"}],"about":[{"href":"https:\/\/www.vincenzosica.it\/index.php?rest_route=\/wp\/v2\/types\/post"}],"author":[{"embeddable":true,"href":"https:\/\/www.vincenzosica.it\/index.php?rest_route=\/wp\/v2\/users\/3"}],"replies":[{"embeddable":true,"href":"https:\/\/www.vincenzosica.it\/index.php?rest_route=%2Fwp%2Fv2%2Fcomments&post=3291"}],"version-history":[{"count":1,"href":"https:\/\/www.vincenzosica.it\/index.php?rest_route=\/wp\/v2\/posts\/3291\/revisions"}],"predecessor-version":[{"id":3292,"href":"https:\/\/www.vincenzosica.it\/index.php?rest_route=\/wp\/v2\/posts\/3291\/revisions\/3292"}],"wp:attachment":[{"href":"https:\/\/www.vincenzosica.it\/index.php?rest_route=%2Fwp%2Fv2%2Fmedia&parent=3291"}],"wp:term":[{"taxonomy":"category","embeddable":true,"href":"https:\/\/www.vincenzosica.it\/index.php?rest_route=%2Fwp%2Fv2%2Fcategories&post=3291"},{"taxonomy":"post_tag","embeddable":true,"href":"https:\/\/www.vincenzosica.it\/index.php?rest_route=%2Fwp%2Fv2%2Ftags&post=3291"}],"curies":[{"name":"wp","href":"https:\/\/api.w.org\/{rel}","templated":true}]}}