{"id":3482,"date":"2024-02-12T23:56:44","date_gmt":"2024-02-12T21:56:44","guid":{"rendered":"https:\/\/www.vincenzosica.it\/?p=3482"},"modified":"2024-02-13T00:11:31","modified_gmt":"2024-02-12T22:11:31","slug":"torre-annunziata-il-pm-maresca-sica-e-cirillo-accanto-ai-comitati-per-la-riapertura-del-pronto-soccorso-il-video","status":"publish","type":"post","link":"https:\/\/www.vincenzosica.it\/?p=3482","title":{"rendered":"Torre Annunziata, il pm Maresca, Sica e Cirillo accanto ai comitati per la riapertura del pronto soccorso \u2013 Il Video"},"content":{"rendered":"\n<h2 class=\"wp-block-heading\"><\/h2>\n\n\n\n<p>A quasi un mese dall\u2019istituzione del presidio permanente presso l<strong>\u2018ospedale Sant\u2019Anna e Madonna della Neve di Boscotrecase<\/strong>, sono numerose le personalit\u00e0 politiche che hanno portato la propria vicinanza e solidariet\u00e0 ai cittadini che, insieme a numerose associazioni, fanno parte del movimento \u201cCe avite accise a\u2019salute\u201d.<\/p>\n\n\n\n<p>A raggiungere i manifestanti mercoled\u00ec sera,&nbsp;<strong>Vincenzo Sica, noto commercialista e revisore contabile oplontino nonch\u00e9 presidente dell\u2019associazione Centro Comune, Catello Maresca, magistrato e consigliere comunale di Napoli e Vincenzo Cirillo, consigliere della citt\u00e0 metropolitana<\/strong>&nbsp;entrambi in quota centrodestra.<\/p>\n\n\n\n<p>I manifestanti hanno esposto le proprie motivazioni per la protesta, ovvero la mancata riapertura del pronto soccorso del nosocomio boschese dopo la fine della pandemia Covid-19 che aveva disposto la funzione dello stesso a Covid-Hospital.<\/p>\n\n\n\n<p>\u201cLa riapertura del Pronto Soccorso riguarda tutti noi\u201d afferma Vincenzo Sica. \u201c\u00c8 mio dovere stare qui e portare la questione dell\u2019ospedale anche nel consiglio comunale di Napoli. Il giudice Maresca e il consigliere Cirillo non sono rimasti indifferenti e sono sicuro che faranno sentire la propria voce nei luoghi opportuni\u201d.<\/p>\n\n\n\n<p><strong>Il Movimento \u201cCE AVITE ACCISE A SALUTE\u201d<\/strong>, da anni impegnato nel territorio vesuviano per sensibilizzare sul tema della crisi della sanit\u00e0 pubblica campana, \u00e8 ora occupato sulla situazione critica dei Pronto Soccorso di Napoli e provincia, in particolare quelli afferenti all\u2019 Asl NA 3 SUD, chiusi a seguito della fine della pandemia da Covid-19 e mai pi\u00f9 riaperti, come nel caso dell\u2019ospedale Sant\u2019Anna e Madonna della Neve di Boscotrecase, punto di riferimento per le citt\u00e0 di Torre Annunziata, Boscoreale, Trecase, Pompei, oltre che di Boscotrecase e degli altri comuni vesuviani,&nbsp;&nbsp;che contano un totale di quasi 300mila abitanti.<\/p>\n\n\n\n<p>Il Movimento, di cui fanno parte semplici cittadini accanto a numerose associazioni dei territori interessati, \u00e8 riuscito a portare in piazza migliaia di persone e ha il merito di aver&nbsp;&nbsp;riportato il tema della sanit\u00e0 al centro del dibattito parlamentare (grazie al Senatore Orfeo Mazzella del Movimento 5 Stelle e al parlamentare Francesco Emilio Borrelli di Europa Verdi) ed essere stato oggetto di un intervento in consiglio regionale del consigliere Severino Nappi, in quota centro destra.<\/p>\n\n\n\n<p>Il Movimento, dopo essere stato ascoltato anche dal&nbsp;<strong>Presidente del Tribunale di Torre Annunziata Ernesto Aghina<\/strong>, compie un&nbsp;&nbsp;nuovo e importante passo in avanti giacch\u00e8 \u00e8 in procinto di essere ricevuto dal prefetto di Napoli, Michele di Bari.<\/p>\n\n\n\n<p>\u201cSiamo preoccupati perch\u00e9 la sanit\u00e0 \u00e8 diventata una<\/p>\n\n\n\n<p>questione di ordine pubblico che non pu\u00f2 essere risolta con la militarizzazione dei<\/p>\n\n\n\n<p>pronto soccorso , ma con investimenti a lungo termine tra personale sanitario e strutture ospedaliere\u201d&nbsp;&nbsp;dichiarano gli attivisti. \u201c\u00c8 in atto una vera crisi sanitaria dell\u2019 area vesuviana che per ora vede interessati principalmente l\u2019ospedale Sant\u2019Anna di<\/p>\n\n\n\n<p>Boscotrecase&nbsp;&nbsp;e&nbsp;&nbsp;San Giovanni Bosco di Fuorigrotta, ed \u00e8 necessario arginare ci\u00f2 che sta accadendo, ovvero una crescente pressione sui Pronto Soccorso della citt\u00e0 di Napoli, gi\u00e0 in sofferenza per l\u2019elevato numero di utenti&nbsp;&nbsp;e che spesso sfociano in vere e proprie aggressioni nei confronti degli operatori sanitari\u201d affermano preoccupati.<\/p>\n\n\n\n<p>I temi del Movimento sono stati anche al centro anche di una conferenza dei servizi dei sindaci dell\u2019area Vesuviana.<\/p>\n\n\n\n<p>Dopo la manifestazione e le fiaccolate a&nbsp;&nbsp;Torre Annunziata, Boscoreale e Boscotrecase e con un presidio permanente nel piazzale del nosocomio boschese ormai da settimane, che vede una solidariet\u00e0 trasversale delle forze politiche, il prossimo appuntamento \u00e8 per domenica 4 febbraio presso la stazione centrale di Torre Annunziata. Da l\u00ec il corteo si recher\u00e0 in processione verso il Santuario di Pompei, con lo slogan \u201cRiaprite il Pronto soccorso dell\u2019Ospedale di Boscotrecase\u201d.<\/p>\n\n\n\n<p><strong>Titti D\u2019Amelio<\/strong><\/p>\n\n\n\n<figure class=\"wp-block-embed is-type-video is-provider-youtube wp-block-embed-youtube wp-embed-aspect-16-9 wp-has-aspect-ratio\"><div class=\"wp-block-embed__wrapper\">\n<iframe loading=\"lazy\" title=\"Torre Annunziata, Sica, Maresca e Cirillo accanto ai comitati per l&#039;apertura del pronto soccorso\" width=\"1080\" height=\"608\" src=\"https:\/\/www.youtube.com\/embed\/Vf5RTO4DhtE?start=3&#038;feature=oembed\"  allow=\"accelerometer; autoplay; clipboard-write; encrypted-media; gyroscope; picture-in-picture; web-share\" allowfullscreen><\/iframe>\n<\/div><\/figure>\n\n\n\n<figure class=\"wp-block-video\"><\/figure>\n\n\n\n<figure class=\"wp-block-video\"><\/figure>\n","protected":false},"excerpt":{"rendered":"<p>A quasi un mese dall\u2019istituzione del presidio permanente presso l\u2018ospedale Sant\u2019Anna e Madonna della Neve di Boscotrecase, sono numerose le personalit\u00e0 politiche che hanno portato la propria vicinanza e solidariet\u00e0 ai cittadini che, insieme a numerose associazioni, fanno parte del movimento \u201cCe avite accise a\u2019salute\u201d. A raggiungere i manifestanti mercoled\u00ec sera,&nbsp;Vincenzo Sica, noto commercialista e [&hellip;]<\/p>\n","protected":false},"author":3,"featured_media":3485,"comment_status":"open","ping_status":"open","sticky":false,"template":"","format":"standard","meta":{"_et_pb_use_builder":"","_et_pb_old_content":"","_et_gb_content_width":"","footnotes":""},"categories":[1],"tags":[],"class_list":["post-3482","post","type-post","status-publish","format-standard","has-post-thumbnail","hentry","category-generale"],"_links":{"self":[{"href":"https:\/\/www.vincenzosica.it\/index.php?rest_route=\/wp\/v2\/posts\/3482","targetHints":{"allow":["GET"]}}],"collection":[{"href":"https:\/\/www.vincenzosica.it\/index.php?rest_route=\/wp\/v2\/posts"}],"about":[{"href":"https:\/\/www.vincenzosica.it\/index.php?rest_route=\/wp\/v2\/types\/post"}],"author":[{"embeddable":true,"href":"https:\/\/www.vincenzosica.it\/index.php?rest_route=\/wp\/v2\/users\/3"}],"replies":[{"embeddable":true,"href":"https:\/\/www.vincenzosica.it\/index.php?rest_route=%2Fwp%2Fv2%2Fcomments&post=3482"}],"version-history":[{"count":3,"href":"https:\/\/www.vincenzosica.it\/index.php?rest_route=\/wp\/v2\/posts\/3482\/revisions"}],"predecessor-version":[{"id":3488,"href":"https:\/\/www.vincenzosica.it\/index.php?rest_route=\/wp\/v2\/posts\/3482\/revisions\/3488"}],"wp:featuredmedia":[{"embeddable":true,"href":"https:\/\/www.vincenzosica.it\/index.php?rest_route=\/wp\/v2\/media\/3485"}],"wp:attachment":[{"href":"https:\/\/www.vincenzosica.it\/index.php?rest_route=%2Fwp%2Fv2%2Fmedia&parent=3482"}],"wp:term":[{"taxonomy":"category","embeddable":true,"href":"https:\/\/www.vincenzosica.it\/index.php?rest_route=%2Fwp%2Fv2%2Fcategories&post=3482"},{"taxonomy":"post_tag","embeddable":true,"href":"https:\/\/www.vincenzosica.it\/index.php?rest_route=%2Fwp%2Fv2%2Ftags&post=3482"}],"curies":[{"name":"wp","href":"https:\/\/api.w.org\/{rel}","templated":true}]}}