{"id":3509,"date":"2023-09-12T17:59:00","date_gmt":"2023-09-12T15:59:00","guid":{"rendered":"https:\/\/www.vincenzosica.it\/?p=3509"},"modified":"2024-03-05T18:06:28","modified_gmt":"2024-03-05T16:06:28","slug":"turismo-a-torre-annunziata-non-decolla-vincenzo-sica-ennesima-occasione-sprecata-per-il-rilancio-video-intervista","status":"publish","type":"post","link":"https:\/\/www.vincenzosica.it\/?p=3509","title":{"rendered":"Turismo, a Torre Annunziata non decolla. Vincenzo Sica: \u201cEnnesima occasione sprecata per il rilancio\u201d \u2013 Video-Intervista"},"content":{"rendered":"\n<p>\u201cUn\u2019altra estate che va via, durante la quale abbiamo avuto l\u2019ennesima conferma delle potenzialit\u00e0 di&nbsp;<strong>Torre Annunziata<\/strong>. Credo che si siano registrate, mai come in questo periodo, presenze costanti di turisti che hanno invaso le strutture esistenti sul nostro territorio per essere ospitati dai pochi ristorantini che ci sono. Questo a conferma che Torre Annunziata conserva una grande potenzialit\u00e0 attrattiva. Potenzialit\u00e0 che siamo riusciti a sprecare in tutto questo periodo\u201d.<\/p>\n\n\n\n<p>Cos\u00ec&nbsp;<strong>Vincenzo Sica, ex City Manager del Comune di Torre Annunziata e Presidente dell\u2019Associazione politico-culturale Centro Comune<\/strong>, sul mancato rilancio turistico a Torre Annunziata.<\/p>\n\n\n\n<p>\u201cQueste presenze \u2013 aggiunge Sica \u2013 ci attestano che evidentemente c\u2019\u00e8 la possibilit\u00e0 di recupero, considerando anche che abbiamo uno dei litorali pi\u00f9 belli del Golfo di Napoli.<\/p>\n\n\n\n<p>E pensare che il Comune di Torre Annunziata abbia acquistato in propriet\u00e0, nel dicembre del 2000, tutta la fascia di costa, compreso un capannone dell\u2019ex area Deriver, e verificare che ad oggi nulla \u00e8 cambiato rispetto a 23 anni fa. Tutto ci\u00f2 \u00e8 veramente deprimente.<\/p>\n\n\n\n<p>Eppure le potenzialit\u00e0 ci sono. Bisogna quindi organizzare mezzi, uomini, risorse, idee, disponibilit\u00e0 a lavorare per recuperare questa potenzialit\u00e0.<\/p>\n\n\n\n<p>Nei siti istituzionali che normalmente promuovono le case-vacanza, anche da Pompei si indica che la struttura \u00e8 distante diversi chilometri dal litorale di Torre Annunziata. Il che significa che l\u2019attenzione dei player internazionali su questo territorio, rimane molto forte\u201d.<\/p>\n\n\n\n<p><strong>Un esempio di rilancio mancato \u00e8 il litorale di Rovigliano, le pare?<\/strong><\/p>\n\n\n\n<p>\u201cAssolutamente, s\u00ec. Il litorale di Rovigliano ha potenzialit\u00e0 notevoli. Certo, abbiamo il problema del disinquinamento del Fiume Sarno&nbsp;&nbsp;che, a mio avviso, diventa prioritario su tutto. E qui emergono responsabilit\u00e0 enormi da parte delle amministrazioni locali e da parte dell\u2019amministrazione regionale maturatesi nel tempo.<\/p>\n\n\n\n<p>Ma dobbiamo reagire.<\/p>\n\n\n\n<p>Quello che accade nell\u2019Agro-Nocerino e che finisce per investire, in termini di inquinamento, la foce del fiume Sarno, \u00e8 qualcosa di scandaloso. Dobbiamo unire le forze e reagire come cittadini. L\u2019indifferenza su questo non ha pi\u00f9 motivo di esistere. Noi siamo coinvolti in questa situazione e dobbiamo comprendere che reagire con forza a questa vicenda significa determinare le condizioni per vivere tutti meglio. Per poter dare anche la possibilit\u00e0 alle future generazioni di poter godere di questa enorme risorsa mare che, unitamente alla risorsa porto, caratterizza il nostro territorio\u201d.<\/p>\n\n\n\n<p><strong>Cosa bisognerebbe fare dal punto di vista politico-amministrativo, secondo lei, per puntare al rilancio turistico?<\/strong><\/p>\n\n\n\n<p>\u201cDobbiamo assolutamente isolare il Partito Democratico, che ha caratterizzato, nel bene e nel male, la vita politica di questa citt\u00e0 da trent\u2019anni. Dobbiamo creare le condizioni, non in maniera isolata, per un progetto condiviso che non veda fuga in avanti di movimenti, partiti o singole personalit\u00e0 con questa corsa al consenso senza che vi sia un progetto condiviso che ruoti attorno a una forte candidatura a sindaco coadiuvato da una squadra di tecnici che abbiano le idee chiare su come accelerare la riqualificazione e la rivalorizzazione delle risorse di questo territorio.<\/p>\n\n\n\n<p>Per questo il Partito Democratico deve comprendere che non ha pi\u00f9 le condizioni per poter discutere di tutto ci\u00f2 ed \u00e8 una struttura politica caratterizzata, al di l\u00e0 di quello che si cerca di far apparire all\u2019esterno, da figure che hanno fatto il proprio tempo e si devono mettere ora da parte\u201d.<\/p>\n\n\n\n<p><strong>C\u2019\u00e8 poi la questione dello stadio. Finalmente \u00e8 stata aggiudicata la gara per il restyling del Giraud.<\/strong><\/p>\n\n\n\n<p>\u201cMi risulta che sia stata finalmente aggiudicata la gara per la ristrutturazione dello stadio. A noi interessa che vi sia un\u2019attenzione da parte del Comune committente, affinch\u00e9 si eseguano a regola d\u2019arte i lavori, nei tempi previsti, e si creano le condizioni affinch\u00e9 si possa, al massimo nella prossima primavera, consegnare alla citt\u00e0, ai tifosi e al club Savoia, una struttura sportiva che Torre Annunziata merita\u201d.<\/p>\n\n\n\n<figure class=\"wp-block-embed is-type-video is-provider-youtube wp-block-embed-youtube wp-embed-aspect-16-9 wp-has-aspect-ratio\"><div class=\"wp-block-embed__wrapper\">\n<iframe loading=\"lazy\" title=\"Mancato rilancio a Torre Annunziata: intervista a Enzo Sica - erreemmenews.it   HD 720p\" width=\"1080\" height=\"608\" src=\"https:\/\/www.youtube.com\/embed\/mQMgW-t3pho?feature=oembed\"  allow=\"accelerometer; autoplay; clipboard-write; encrypted-media; gyroscope; picture-in-picture; web-share\" allowfullscreen><\/iframe>\n<\/div><\/figure>\n","protected":false},"excerpt":{"rendered":"<p>\u201cUn\u2019altra estate che va via, durante la quale abbiamo avuto l\u2019ennesima conferma delle potenzialit\u00e0 di&nbsp;Torre Annunziata. Credo che si siano registrate, mai come in questo periodo, presenze costanti di turisti che hanno invaso le strutture esistenti sul nostro territorio per essere ospitati dai pochi ristorantini che ci sono. Questo a conferma che Torre Annunziata conserva [&hellip;]<\/p>\n","protected":false},"author":3,"featured_media":3510,"comment_status":"open","ping_status":"open","sticky":false,"template":"","format":"standard","meta":{"_et_pb_use_builder":"","_et_pb_old_content":"","_et_gb_content_width":"","footnotes":""},"categories":[1],"tags":[],"class_list":["post-3509","post","type-post","status-publish","format-standard","has-post-thumbnail","hentry","category-generale"],"_links":{"self":[{"href":"https:\/\/www.vincenzosica.it\/index.php?rest_route=\/wp\/v2\/posts\/3509","targetHints":{"allow":["GET"]}}],"collection":[{"href":"https:\/\/www.vincenzosica.it\/index.php?rest_route=\/wp\/v2\/posts"}],"about":[{"href":"https:\/\/www.vincenzosica.it\/index.php?rest_route=\/wp\/v2\/types\/post"}],"author":[{"embeddable":true,"href":"https:\/\/www.vincenzosica.it\/index.php?rest_route=\/wp\/v2\/users\/3"}],"replies":[{"embeddable":true,"href":"https:\/\/www.vincenzosica.it\/index.php?rest_route=%2Fwp%2Fv2%2Fcomments&post=3509"}],"version-history":[{"count":1,"href":"https:\/\/www.vincenzosica.it\/index.php?rest_route=\/wp\/v2\/posts\/3509\/revisions"}],"predecessor-version":[{"id":3511,"href":"https:\/\/www.vincenzosica.it\/index.php?rest_route=\/wp\/v2\/posts\/3509\/revisions\/3511"}],"wp:featuredmedia":[{"embeddable":true,"href":"https:\/\/www.vincenzosica.it\/index.php?rest_route=\/wp\/v2\/media\/3510"}],"wp:attachment":[{"href":"https:\/\/www.vincenzosica.it\/index.php?rest_route=%2Fwp%2Fv2%2Fmedia&parent=3509"}],"wp:term":[{"taxonomy":"category","embeddable":true,"href":"https:\/\/www.vincenzosica.it\/index.php?rest_route=%2Fwp%2Fv2%2Fcategories&post=3509"},{"taxonomy":"post_tag","embeddable":true,"href":"https:\/\/www.vincenzosica.it\/index.php?rest_route=%2Fwp%2Fv2%2Ftags&post=3509"}],"curies":[{"name":"wp","href":"https:\/\/api.w.org\/{rel}","templated":true}]}}