{"id":3512,"date":"2023-05-06T18:07:00","date_gmt":"2023-05-06T16:07:00","guid":{"rendered":"https:\/\/www.vincenzosica.it\/?p=3512"},"modified":"2024-03-05T18:11:30","modified_gmt":"2024-03-05T16:11:30","slug":"torre-annunziata-enzo-sica-interviene-su-porto-e-gestione-pd-venti-anni-di-fallimenti-video-intervista","status":"publish","type":"post","link":"https:\/\/www.vincenzosica.it\/?p=3512","title":{"rendered":"Torre Annunziata, Enzo Sica interviene su Porto e gestione Pd: \u201cVenti anni di fallimenti\u201d \u2013 Video-Intervista"},"content":{"rendered":"\n<p><strong>\u201cQuestione cisterne nel porto di Torre Annunziata?<\/strong>&nbsp;Dal punto di vista burocratico, credo sia da archiviare il tema cisterne perch\u00e9, purtroppo, sono stati creati tutti i presupposti tecnico-giuridici e amministrativi affinch\u00e9 si realizzassero\u201d.<\/p>\n\n\n\n<p>Cos\u00ec&nbsp;<strong>Vincenzo Sica, ex City Manager del Comune di Torre Annunziata e Presidente dell\u2019associazione socio-politica \u201cCentro Comune\u201d<\/strong>.<\/p>\n\n\n\n<p>\u201cE\u2019 indubbio \u2013 sottolinea Sica \u2013 che&nbsp;<strong>l\u2019amministrazione Starita<\/strong>, coadiuvata dai tecnici di turno, e subito dopo in continuit\u00e0&nbsp;<strong>l\u2019amministrazione Ascione<\/strong>&nbsp;e quindi, a mio avviso, il Partito Democratico, ha voluto fortemente sostenere questo percorso burocratico-amministrativo, lo dicono gli atti, \u00e8 divenuto oramai inconfutabile. La societ\u00e0, legittimamente, ha anche adito il competente tribunale per chiedere addirittura un risarcimento danni, societ\u00e0 che \u00e8 abilmente, e legittimamente, assistita da un legale di fiducia che negli anni \u00e8 stato anche legale di fiducia del comune di Torre Annunziata, allo stato il problema deve essere archiviato. Dispiace per noi cittadini che auspicavamo soluzioni diverse, dobbiamo sicuramente ringraziare le amministrazioni rette dal Partito Democratico.<\/p>\n\n\n\n<p>In un recente post ho scritto che dire che l\u2019attuale Pd far\u00e0 barricate contro le cisterne, sembra un\u2019ulteriore presa per i fondelli per i cittadini torresi\u201d.<\/p>\n\n\n\n<p><strong>Responsabile proprio il Partito Democratico che negli ultimi giorni parlano di \u201cBuona Politica tra nostalgia e utopia\u201d.<\/strong><\/p>\n\n\n\n<p>\u201cUn\u2019iniziativa che nel merito non discuto. Mai titolo \u00e8 stato pi\u00f9 azzeccato di questo. Nostalgia, evidentemente, \u00e8 quella che il Partito Democratico ha per aver governato, sicuramente meglio negli anni dal 1995 al 2005, 2006, e per non aver governato, o meglio per aver governato per distruggere quanto di buono era stato realizzato in questa citt\u00e0, \u00e8 un altro dato concreto.<\/p>\n\n\n\n<p>Utopia, intesa come aspirazione ideale che normalmente non \u00e8 suscettibile di realizzazione pratica. Beh, penso che sia utopico che il Pd possa ancora governare questa citt\u00e0, io almeno lo spero fortemente, spero vivamente che se ne siano resi conto i cittadini.<\/p>\n\n\n\n<p><strong>Lo stesso consigliere regionale Manfredi&nbsp;<\/strong>che parteciper\u00e0 all\u2019incontro debba avere un\u2019attenzione maggiore per questo territorio e credo debba colloquiare di pi\u00f9 con i suoi colleghi che su questo territorio, nel bene e nel male, hanno gestito sia pure a livello sovracomunale, le sorti di questa citt\u00e0.<\/p>\n\n\n\n<p>Abbiamo citato prima le cisterne, mi riaggancio al porto di Torre Annunziata, siamo fermi con una gara avviata dal Comune oplontino e per esso dall\u2019Amministrazione Straordinaria, scaduta il 15 gennaio. Sono trascorsi due mesi e mezzo, la Regione \u2013 e su questo mi piacerebbe interrogare anche l\u2019onorevole Manfredi \u2013 interviene per bloccare questa procedura e al momento noi cittadini non siamo in grado di capire quale debba essere il futuro del porto di Torre Annunziata\u201d.<\/p>\n\n\n\n<p><strong>Di recente la nomina del neo segretario del Pd, Giuseppe Manto, e del Presidente di Circolo, Giampiero Nitrato Izzo.<\/strong><\/p>\n\n\n\n<p>\u201cNon giudico scelte che sono di competenza di chi a quel partito appartiene. Cos\u00ec come non giudico la presidenza, che mi sembra un elemento esclusivamente di ordine formale. Mi sono permesso di recente, invece, di giudicare l\u2019individuazione del segretario, ma non in quanto persona, perch\u00e9 ha costituito, per me ma anche per molti altri, un punto di delusione che il signor Manto abbia ceduto alle lusinghe dei soliti strateghi che, ritenendo che lo stesso Manto stesse eccessivamente criticando ed eccessivamente esponendosi negli ultimi tempi, hanno ritenuto opportuno dargli quel ruolo\u201d.<\/p>\n\n\n\n<p>In ogni caso, spiega ancora Vincenzo Sica: \u201cNon credo assolutamente che il Partito Democratico, Manto o non Manto, abbia un futuro in questa citt\u00e0. Mi rendo conto che \u00e8 l\u2019unico partito che si agita, mentre per gli altri il pensiero \u00e8 comune ed \u00e8 diffuso ma poco organizzato. E su questo che bisogna lavorare e iniziare a costruire le basi per capire quali sorti deve avere Torre Annunziata. Perch\u00e9 se volessimo giudicare gli ultimi venti anni, definiti orribili da qualche organo di stampa, e io concordo molto, dovremmo davvero guardare altrove rispetto al Partito Democratico locale. Lo dico con grande rispetto per gli elettori che hanno sempre creduto in questo partito\u201d.<\/p>\n\n\n\n<p><strong>C\u2019\u00e8 poi la vicenda legata al Savoia Calcio\u2026<\/strong><\/p>\n\n\n\n<p>\u201cFissata per luned\u00ec 8 maggio una conferenza stampa nella quale si illustreranno tutte le iniziative, che io giudico positive. Confido molto in questo percorso. Confido molto nelle attenzioni che la societ\u00e0, grazie alle iniziative<strong>\u00a0del dottore Matachione, del dottore Pica e del Principe Emanuele Filiberto<\/strong>, sta dando per realizzare questo progetto. Ringrazio poi la Commissione Straordinaria per aver dato la disponibilit\u00e0 dello stadio Giraud, che sar\u00e0 oggetto di interventi strutturali importanti, ma lascerei ogni dettaglio alla conferenza stampa di luned\u00ec\u201d.<\/p>\n\n\n\n<p><a href=\"https:\/\/www.facebook.com\/watch\/ErreEmmeNews\/?ref=embed_video\">https:\/\/www.facebook.com\/watch\/ErreEmmeNews\/?ref=embed_video<\/a><\/p>\n","protected":false},"excerpt":{"rendered":"<p>\u201cQuestione cisterne nel porto di Torre Annunziata?&nbsp;Dal punto di vista burocratico, credo sia da archiviare il tema cisterne perch\u00e9, purtroppo, sono stati creati tutti i presupposti tecnico-giuridici e amministrativi affinch\u00e9 si realizzassero\u201d. Cos\u00ec&nbsp;Vincenzo Sica, ex City Manager del Comune di Torre Annunziata e Presidente dell\u2019associazione socio-politica \u201cCentro Comune\u201d. \u201cE\u2019 indubbio \u2013 sottolinea Sica \u2013 che&nbsp;l\u2019amministrazione [&hellip;]<\/p>\n","protected":false},"author":3,"featured_media":873,"comment_status":"open","ping_status":"open","sticky":false,"template":"","format":"standard","meta":{"_et_pb_use_builder":"","_et_pb_old_content":"","_et_gb_content_width":"","footnotes":""},"categories":[1],"tags":[],"class_list":["post-3512","post","type-post","status-publish","format-standard","has-post-thumbnail","hentry","category-generale"],"_links":{"self":[{"href":"https:\/\/www.vincenzosica.it\/index.php?rest_route=\/wp\/v2\/posts\/3512","targetHints":{"allow":["GET"]}}],"collection":[{"href":"https:\/\/www.vincenzosica.it\/index.php?rest_route=\/wp\/v2\/posts"}],"about":[{"href":"https:\/\/www.vincenzosica.it\/index.php?rest_route=\/wp\/v2\/types\/post"}],"author":[{"embeddable":true,"href":"https:\/\/www.vincenzosica.it\/index.php?rest_route=\/wp\/v2\/users\/3"}],"replies":[{"embeddable":true,"href":"https:\/\/www.vincenzosica.it\/index.php?rest_route=%2Fwp%2Fv2%2Fcomments&post=3512"}],"version-history":[{"count":1,"href":"https:\/\/www.vincenzosica.it\/index.php?rest_route=\/wp\/v2\/posts\/3512\/revisions"}],"predecessor-version":[{"id":3513,"href":"https:\/\/www.vincenzosica.it\/index.php?rest_route=\/wp\/v2\/posts\/3512\/revisions\/3513"}],"wp:featuredmedia":[{"embeddable":true,"href":"https:\/\/www.vincenzosica.it\/index.php?rest_route=\/wp\/v2\/media\/873"}],"wp:attachment":[{"href":"https:\/\/www.vincenzosica.it\/index.php?rest_route=%2Fwp%2Fv2%2Fmedia&parent=3512"}],"wp:term":[{"taxonomy":"category","embeddable":true,"href":"https:\/\/www.vincenzosica.it\/index.php?rest_route=%2Fwp%2Fv2%2Fcategories&post=3512"},{"taxonomy":"post_tag","embeddable":true,"href":"https:\/\/www.vincenzosica.it\/index.php?rest_route=%2Fwp%2Fv2%2Ftags&post=3512"}],"curies":[{"name":"wp","href":"https:\/\/api.w.org\/{rel}","templated":true}]}}